{"id":932,"date":"2016-12-15T13:32:50","date_gmt":"2016-12-15T10:32:50","guid":{"rendered":"http:\/\/www.luteryenkilisesi.org\/wp_dev\/?p=932"},"modified":"2024-06-11T13:14:41","modified_gmt":"2024-06-11T10:14:41","slug":"izmir-luteryen-cemaati","status":"publish","type":"post","link":"http:\/\/www.luteryenkilisesi.org\/?p=932","title":{"rendered":"\u0130zmir Luteryen Cemaatinin haftal\u0131k program\u0131"},"content":{"rendered":"<p><strong><a href=\"http:\/\/www.luteryenkilisesi.org\/wp-content\/uploads\/2016\/12\/Izmir_viikkoohjViereen.jpg\"><img loading=\"lazy\" decoding=\"async\" class=\"alignleft size-medium wp-image-1139\" src=\"http:\/\/www.luteryenkilisesi.org\/wp-content\/uploads\/2016\/12\/Izmir_viikkoohjViereen-213x300.jpg\" alt=\"\" width=\"213\" height=\"300\" srcset=\"http:\/\/www.luteryenkilisesi.org\/wp-content\/uploads\/2016\/12\/Izmir_viikkoohjViereen-213x300.jpg 213w, http:\/\/www.luteryenkilisesi.org\/wp-content\/uploads\/2016\/12\/Izmir_viikkoohjViereen-768x1082.jpg 768w, http:\/\/www.luteryenkilisesi.org\/wp-content\/uploads\/2016\/12\/Izmir_viikkoohjViereen-727x1024.jpg 727w, http:\/\/www.luteryenkilisesi.org\/wp-content\/uploads\/2016\/12\/Izmir_viikkoohjViereen.jpg 886w\" sizes=\"auto, (max-width: 213px) 100vw, 213px\" \/><\/a>AY\u0130N:<\/strong><\/p>\n<p>Her pazar saat 14&#8217;te G\u00f6ztepe&#8217;deki Notre Dame de Lourdes Katolik Kilisesi&#8217;nde.<\/p>\n<p>Ayinler T\u00fcrk\u00e7e olarak yap\u0131l\u0131r.<\/p>\n","protected":false},"excerpt":{"rendered":"<p>AY\u0130N: Her pazar saat 14&#8217;te G\u00f6ztepe&#8217;deki Notre Dame de Lourdes Katolik Kilisesi&#8217;nde. Ayinler T\u00fcrk\u00e7e olarak yap\u0131l\u0131r.<\/p>\n","protected":false},"author":1,"featured_media":0,"comment_status":"closed","ping_status":"open","sticky":false,"template":"","format":"standard","meta":{"_monsterinsights_skip_tracking":false,"_monsterinsights_sitenote_active":false,"_monsterinsights_sitenote_note":"","_monsterinsights_sitenote_category":0,"footnotes":""},"categories":[22,24],"tags":[],"class_list":["post-932","post","type-post","status-publish","format-standard","hentry","category-cemaatler","category-izmir"],"_links":{"self":[{"href":"http:\/\/www.luteryenkilisesi.org\/index.php?rest_route=\/wp\/v2\/posts\/932","targetHints":{"allow":["GET"]}}],"collection":[{"href":"http:\/\/www.luteryenkilisesi.org\/index.php?rest_route=\/wp\/v2\/posts"}],"about":[{"href":"http:\/\/www.luteryenkilisesi.org\/index.php?rest_route=\/wp\/v2\/types\/post"}],"author":[{"embeddable":true,"href":"http:\/\/www.luteryenkilisesi.org\/index.php?rest_route=\/wp\/v2\/users\/1"}],"replies":[{"embeddable":true,"href":"http:\/\/www.luteryenkilisesi.org\/index.php?rest_route=%2Fwp%2Fv2%2Fcomments&post=932"}],"version-history":[{"count":11,"href":"http:\/\/www.luteryenkilisesi.org\/index.php?rest_route=\/wp\/v2\/posts\/932\/revisions"}],"predecessor-version":[{"id":2651,"href":"http:\/\/www.luteryenkilisesi.org\/index.php?rest_route=\/wp\/v2\/posts\/932\/revisions\/2651"}],"wp:attachment":[{"href":"http:\/\/www.luteryenkilisesi.org\/index.php?rest_route=%2Fwp%2Fv2%2Fmedia&parent=932"}],"wp:term":[{"taxonomy":"category","embeddable":true,"href":"http:\/\/www.luteryenkilisesi.org\/index.php?rest_route=%2Fwp%2Fv2%2Fcategories&post=932"},{"taxonomy":"post_tag","embeddable":true,"href":"http:\/\/www.luteryenkilisesi.org\/index.php?rest_route=%2Fwp%2Fv2%2Ftags&post=932"}],"curies":[{"name":"wp","href":"https:\/\/api.w.org\/{rel}","templated":true}]}}