{"id":943,"date":"2016-12-15T15:05:22","date_gmt":"2016-12-15T12:05:22","guid":{"rendered":"http:\/\/www.luteryenkilisesi.org\/wp_dev\/?p=943"},"modified":"2021-11-04T20:46:25","modified_gmt":"2021-11-04T17:46:25","slug":"peshtera-luteryen-cemaat","status":"publish","type":"post","link":"http:\/\/www.luteryenkilisesi.org\/?p=943","title":{"rendered":"Pe\u015ftera Luteryen Cemaatinin haftal\u0131k program\u0131"},"content":{"rendered":"<p><strong>AY\u0130N:<\/strong><br \/>\nHer pazar\u00a0saat 11\u2019de Ediveren mahallesindeki kilisede.<\/p>\n<p><strong>\u00c7AR\u015eAMBA AK\u015eAM TOPLANTISI:<\/strong><br \/>\nHer \u00e7ar\u015famba ak\u015fam\u0131 saat 19&#8217;da kilisede.<\/p>\n<p><strong>KADINLARIN TOPLANTISI:<\/strong><br \/>\nHer cuma ak\u015fam\u0131\u00a0saat 19&#8217;da kilisede.<\/p>\n<p><strong>\u00c7O\u00c7UKLARIN TOPLANTISI:<\/strong><br \/>\nHer cumartesi ak\u015fam\u0131 saat 17&#8217;de\u00a0 kilisede.<\/p>\n","protected":false},"excerpt":{"rendered":"<p>AY\u0130N: Her pazar\u00a0saat 11\u2019de Ediveren mahallesindeki kilisede. \u00c7AR\u015eAMBA AK\u015eAM TOPLANTISI: Her \u00e7ar\u015famba ak\u015fam\u0131 saat 19&#8217;da kilisede. KADINLARIN TOPLANTISI: Her cuma ak\u015fam\u0131\u00a0saat 19&#8217;da kilisede. \u00c7O\u00c7UKLARIN TOPLANTISI: Her cumartesi ak\u015fam\u0131 saat 17&#8217;de\u00a0 &hellip; <a href=\"http:\/\/www.luteryenkilisesi.org\/?p=943\" class=\"more-link\">Continue reading <span class=\"screen-reader-text\">Pe\u015ftera Luteryen Cemaatinin haftal\u0131k program\u0131<\/span> <span class=\"meta-nav\">&rarr;<\/span><\/a><\/p>\n","protected":false},"author":1,"featured_media":0,"comment_status":"closed","ping_status":"open","sticky":false,"template":"","format":"standard","meta":{"_monsterinsights_skip_tracking":false,"_monsterinsights_sitenote_active":false,"_monsterinsights_sitenote_note":"","_monsterinsights_sitenote_category":0,"footnotes":""},"categories":[22,25],"tags":[],"class_list":["post-943","post","type-post","status-publish","format-standard","hentry","category-cemaatler","category-peshtera"],"_links":{"self":[{"href":"http:\/\/www.luteryenkilisesi.org\/index.php?rest_route=\/wp\/v2\/posts\/943","targetHints":{"allow":["GET"]}}],"collection":[{"href":"http:\/\/www.luteryenkilisesi.org\/index.php?rest_route=\/wp\/v2\/posts"}],"about":[{"href":"http:\/\/www.luteryenkilisesi.org\/index.php?rest_route=\/wp\/v2\/types\/post"}],"author":[{"embeddable":true,"href":"http:\/\/www.luteryenkilisesi.org\/index.php?rest_route=\/wp\/v2\/users\/1"}],"replies":[{"embeddable":true,"href":"http:\/\/www.luteryenkilisesi.org\/index.php?rest_route=%2Fwp%2Fv2%2Fcomments&post=943"}],"version-history":[{"count":9,"href":"http:\/\/www.luteryenkilisesi.org\/index.php?rest_route=\/wp\/v2\/posts\/943\/revisions"}],"predecessor-version":[{"id":2322,"href":"http:\/\/www.luteryenkilisesi.org\/index.php?rest_route=\/wp\/v2\/posts\/943\/revisions\/2322"}],"wp:attachment":[{"href":"http:\/\/www.luteryenkilisesi.org\/index.php?rest_route=%2Fwp%2Fv2%2Fmedia&parent=943"}],"wp:term":[{"taxonomy":"category","embeddable":true,"href":"http:\/\/www.luteryenkilisesi.org\/index.php?rest_route=%2Fwp%2Fv2%2Fcategories&post=943"},{"taxonomy":"post_tag","embeddable":true,"href":"http:\/\/www.luteryenkilisesi.org\/index.php?rest_route=%2Fwp%2Fv2%2Ftags&post=943"}],"curies":[{"name":"wp","href":"https:\/\/api.w.org\/{rel}","templated":true}]}}